{"id":52196,"date":"2016-10-06T08:43:59","date_gmt":"2016-10-06T06:43:59","guid":{"rendered":"https:\/\/www.humanlevel.com\/sin-categorizar\/entrevista-a-fernando-macia-en-the-digital-change.html"},"modified":"2023-10-16T11:53:00","modified_gmt":"2023-10-16T09:53:00","slug":"interview-with-fernando-macia-at-the-digital-change","status":"publish","type":"post","link":"https:\/\/www.humanlevel.com\/en\/blog\/news\/interview-with-fernando-macia-at-the-digital-change","title":{"rendered":"Interview with Fernando Maci\u00e1 at The Digital Change"},"content":{"rendered":"<p>Last October, KSchool held The Digital Change, the first of a series of events aimed at bringing together industry professionals and teachers with students and attendees in general. The event took place in Barcelona, where Fernando Maci\u00e1, director of Human Level Communications, traveled to give a presentation on SEO.<\/p>\n<p style=\"text-align: center;\"><iframe loading=\"lazy\" src=\"https:\/\/player.vimeo.com\/video\/226695182?title=0&amp;byline=0&amp;portrait=0\" width=\"640\" height=\"360\" frameborder=\"0\" allowfullscreen=\"allowfullscreen\"><\/iframe><\/p>\n<p>At the end of the intervention, KSchool launched a series of interesting questions to Fernando, as you will see in the video.  <strong>The director of Human Level talked about the latest changes in the world of SEO<\/strong>, he told us what characterizes a good SEO and the need for people specialized in this area.<\/p>\n","protected":false},"excerpt":{"rendered":"<p>Last October, KSchool held The Digital Change, the first of a series of events aimed at bringing together&#8230;<\/p>\n","protected":false},"author":36,"featured_media":46866,"comment_status":"open","ping_status":"closed","sticky":false,"template":"","format":"standard","meta":{"_acf_changed":false,"footnotes":""},"categories":[464],"tags":[352,509,506],"class_list":["post-52196","post","type-post","status-publish","format-standard","has-post-thumbnail","hentry","category-news","tag-events","tag-fernando-macia","tag-interviews"],"acf":[],"yoast_head":"<!-- This site is optimized with the Yoast SEO plugin v27.5 - https:\/\/yoast.com\/product\/yoast-seo-wordpress\/ -->\n<title>Interview with Fernando Maci\u00e1 at The Digital Change | Human Level<\/title>\n<meta name=\"description\" content=\"After the presentation, Fernando Maci\u00e1 answers a series of questions about the latest developments in SEO and what characterizes a good SEO professional.\" \/>\n<meta name=\"robots\" content=\"index, follow, max-snippet:-1, max-image-preview:large, max-video-preview:-1\" \/>\n<link rel=\"canonical\" href=\"https:\/\/www.humanlevel.com\/en\/blog\/news\/interview-with-fernando-macia-at-the-digital-change\" \/>\n<meta property=\"og:locale\" content=\"en_US\" \/>\n<meta property=\"og:type\" content=\"article\" \/>\n<meta property=\"og:title\" content=\"Interview with Fernando Maci\u00e1 at The Digital Change | Human Level\" \/>\n<meta property=\"og:description\" content=\"After the presentation, Fernando Maci\u00e1 answers a series of questions about the latest developments in SEO and what characterizes a good SEO professional.\" \/>\n<meta property=\"og:url\" content=\"https:\/\/www.humanlevel.com\/en\/blog\/news\/interview-with-fernando-macia-at-the-digital-change\" \/>\n<meta property=\"og:site_name\" content=\"Human Level\" \/>\n<meta property=\"article:published_time\" content=\"2016-10-06T06:43:59+00:00\" \/>\n<meta property=\"article:modified_time\" content=\"2023-10-16T09:53:00+00:00\" \/>\n<meta property=\"og:image\" content=\"https:\/\/www.humanlevel.com\/wp-content\/uploads\/entrevista-fernando-macia-the-digital-change-kschool.jpg\" \/>\n\t<meta property=\"og:image:width\" content=\"450\" \/>\n\t<meta property=\"og:image:height\" content=\"450\" \/>\n\t<meta property=\"og:image:type\" content=\"image\/jpeg\" \/>\n<meta name=\"author\" content=\"Aurora Maci\u00e1\" \/>\n<meta name=\"twitter:card\" content=\"summary_large_image\" \/>\n<meta name=\"twitter:label1\" content=\"Written by\" \/>\n\t<meta name=\"twitter:data1\" content=\"Aurora Maci\u00e1\" \/>\n\t<meta name=\"twitter:label2\" content=\"Est. reading time\" \/>\n\t<meta name=\"twitter:data2\" content=\"1 minute\" \/>\n<script type=\"application\/ld+json\" class=\"yoast-schema-graph\">{\"@context\":\"https:\\\/\\\/schema.org\",\"@graph\":[{\"@type\":[\"Article\",\"BlogPosting\"],\"@id\":\"https:\\\/\\\/www.humanlevel.com\\\/en\\\/blog\\\/news\\\/interview-with-fernando-macia-at-the-digital-change#article\",\"isPartOf\":{\"@id\":\"https:\\\/\\\/www.humanlevel.com\\\/en\\\/blog\\\/news\\\/interview-with-fernando-macia-at-the-digital-change\"},\"author\":{\"name\":\"Aurora Maci\u00e1\",\"@id\":\"https:\\\/\\\/www.humanlevel.com\\\/en#\\\/schema\\\/person\\\/13b23495b249ae2cf5aca5644630f9db\"},\"headline\":\"Interview with Fernando Maci\u00e1 at The Digital Change\",\"datePublished\":\"2016-10-06T06:43:59+00:00\",\"dateModified\":\"2023-10-16T09:53:00+00:00\",\"mainEntityOfPage\":{\"@id\":\"https:\\\/\\\/www.humanlevel.com\\\/en\\\/blog\\\/news\\\/interview-with-fernando-macia-at-the-digital-change\"},\"wordCount\":111,\"commentCount\":0,\"publisher\":{\"@id\":\"https:\\\/\\\/www.humanlevel.com\\\/en#organization\"},\"image\":{\"@id\":\"https:\\\/\\\/www.humanlevel.com\\\/en\\\/blog\\\/news\\\/interview-with-fernando-macia-at-the-digital-change#primaryimage\"},\"thumbnailUrl\":\"https:\\\/\\\/www.humanlevel.com\\\/wp-content\\\/uploads\\\/entrevista-fernando-macia-the-digital-change-kschool.jpg\",\"keywords\":[\"Events\",\"Fernando Maci\u00e1\",\"Interviews\"],\"articleSection\":[\"News\"],\"inLanguage\":\"en-US\",\"potentialAction\":[{\"@type\":\"CommentAction\",\"name\":\"Comment\",\"target\":[\"https:\\\/\\\/www.humanlevel.com\\\/en\\\/blog\\\/news\\\/interview-with-fernando-macia-at-the-digital-change#respond\"]}]},{\"@type\":\"WebPage\",\"@id\":\"https:\\\/\\\/www.humanlevel.com\\\/en\\\/blog\\\/news\\\/interview-with-fernando-macia-at-the-digital-change\",\"url\":\"https:\\\/\\\/www.humanlevel.com\\\/en\\\/blog\\\/news\\\/interview-with-fernando-macia-at-the-digital-change\",\"name\":\"Interview with Fernando Maci\u00e1 at The Digital Change | Human Level\",\"isPartOf\":{\"@id\":\"https:\\\/\\\/www.humanlevel.com\\\/en#website\"},\"primaryImageOfPage\":{\"@id\":\"https:\\\/\\\/www.humanlevel.com\\\/en\\\/blog\\\/news\\\/interview-with-fernando-macia-at-the-digital-change#primaryimage\"},\"image\":{\"@id\":\"https:\\\/\\\/www.humanlevel.com\\\/en\\\/blog\\\/news\\\/interview-with-fernando-macia-at-the-digital-change#primaryimage\"},\"thumbnailUrl\":\"https:\\\/\\\/www.humanlevel.com\\\/wp-content\\\/uploads\\\/entrevista-fernando-macia-the-digital-change-kschool.jpg\",\"datePublished\":\"2016-10-06T06:43:59+00:00\",\"dateModified\":\"2023-10-16T09:53:00+00:00\",\"description\":\"After the presentation, Fernando Maci\u00e1 answers a series of questions about the latest developments in SEO and what characterizes a good SEO professional.\",\"breadcrumb\":{\"@id\":\"https:\\\/\\\/www.humanlevel.com\\\/en\\\/blog\\\/news\\\/interview-with-fernando-macia-at-the-digital-change#breadcrumb\"},\"inLanguage\":\"en-US\",\"potentialAction\":[{\"@type\":\"ReadAction\",\"target\":[\"https:\\\/\\\/www.humanlevel.com\\\/en\\\/blog\\\/news\\\/interview-with-fernando-macia-at-the-digital-change\"]}]},{\"@type\":\"ImageObject\",\"inLanguage\":\"en-US\",\"@id\":\"https:\\\/\\\/www.humanlevel.com\\\/en\\\/blog\\\/news\\\/interview-with-fernando-macia-at-the-digital-change#primaryimage\",\"url\":\"https:\\\/\\\/www.humanlevel.com\\\/wp-content\\\/uploads\\\/entrevista-fernando-macia-the-digital-change-kschool.jpg\",\"contentUrl\":\"https:\\\/\\\/www.humanlevel.com\\\/wp-content\\\/uploads\\\/entrevista-fernando-macia-the-digital-change-kschool.jpg\",\"width\":450,\"height\":450},{\"@type\":\"BreadcrumbList\",\"@id\":\"https:\\\/\\\/www.humanlevel.com\\\/en\\\/blog\\\/news\\\/interview-with-fernando-macia-at-the-digital-change#breadcrumb\",\"itemListElement\":[{\"@type\":\"ListItem\",\"position\":1,\"name\":\"Inicio\",\"item\":\"https:\\\/\\\/www.humanlevel.com\\\/en\"},{\"@type\":\"ListItem\",\"position\":2,\"name\":\"Blog\",\"item\":\"https:\\\/\\\/www.humanlevel.com\\\/en\\\/blog\"},{\"@type\":\"ListItem\",\"position\":3,\"name\":\"News\",\"item\":\"https:\\\/\\\/www.humanlevel.com\\\/en\\\/blog\\\/news\"},{\"@type\":\"ListItem\",\"position\":4,\"name\":\"Interview with Fernando Maci\u00e1 at The Digital Change\"}]},{\"@type\":\"WebSite\",\"@id\":\"https:\\\/\\\/www.humanlevel.com\\\/en#website\",\"url\":\"https:\\\/\\\/www.humanlevel.com\\\/en\",\"name\":\"Human Level\",\"description\":\"Web positioning and online marketing consultant Human Level\",\"publisher\":{\"@id\":\"https:\\\/\\\/www.humanlevel.com\\\/en#organization\"},\"potentialAction\":[{\"@type\":\"SearchAction\",\"target\":{\"@type\":\"EntryPoint\",\"urlTemplate\":\"https:\\\/\\\/www.humanlevel.com\\\/en?s={search_term_string}\"},\"query-input\":{\"@type\":\"PropertyValueSpecification\",\"valueRequired\":true,\"valueName\":\"search_term_string\"}}],\"inLanguage\":\"en-US\"},{\"@type\":\"Organization\",\"@id\":\"https:\\\/\\\/www.humanlevel.com\\\/en#organization\",\"name\":\"Human Level\",\"url\":\"https:\\\/\\\/www.humanlevel.com\\\/en\",\"logo\":{\"@type\":\"ImageObject\",\"inLanguage\":\"en-US\",\"@id\":\"https:\\\/\\\/www.humanlevel.com\\\/en#\\\/schema\\\/logo\\\/image\\\/\",\"url\":\"https:\\\/\\\/www.humanlevel.com\\\/wp-content\\\/uploads\\\/logohl25x3.png\",\"contentUrl\":\"https:\\\/\\\/www.humanlevel.com\\\/wp-content\\\/uploads\\\/logohl25x3.png\",\"width\":600,\"height\":93,\"caption\":\"Human Level\"},\"image\":{\"@id\":\"https:\\\/\\\/www.humanlevel.com\\\/en#\\\/schema\\\/logo\\\/image\\\/\"},\"sameAs\":[\"https:\\\/\\\/www.linkedin.com\\\/company\\\/human-level-communications\",\"https:\\\/\\\/www.youtube.com\\\/user\\\/humanlevelcommunica\",\"https:\\\/\\\/bsky.app\\\/profile\\\/humanlevel.bsky.social\",\"https:\\\/\\\/instagram.com\\\/humanlevel\"]},{\"@type\":\"Person\",\"@id\":\"https:\\\/\\\/www.humanlevel.com\\\/en#\\\/schema\\\/person\\\/13b23495b249ae2cf5aca5644630f9db\",\"name\":\"Aurora Maci\u00e1\",\"image\":{\"@type\":\"ImageObject\",\"inLanguage\":\"en-US\",\"@id\":\"https:\\\/\\\/www.humanlevel.com\\\/wp-content\\\/uploads\\\/1x1-aurora-macia-26-96x96.jpg\",\"url\":\"https:\\\/\\\/www.humanlevel.com\\\/wp-content\\\/uploads\\\/1x1-aurora-macia-26-96x96.jpg\",\"contentUrl\":\"https:\\\/\\\/www.humanlevel.com\\\/wp-content\\\/uploads\\\/1x1-aurora-macia-26-96x96.jpg\",\"caption\":\"Aurora Maci\u00e1\"},\"description\":\"Comenz\u00f3 gestionando las redes sociales, el blog y el canal de Youtube de Human Level en 2019 y poco a poco fue extendiendo sus responsabilidades. Ahora, es la coordinadora del equipo de gesti\u00f3n interna y tambi\u00e9n gu\u00eda la comunicaci\u00f3n de la empresa a nivel de imagen, voz y estrategia de marca. Le gusta estar al d\u00eda de las tendencias del sector pero tambi\u00e9n sacar tiempo para leer an\u00e1lisis firmados por autores de otras industrias que nos ayudan a poner las cosas en perspectiva.\",\"sameAs\":[\"https:\\\/\\\/www.linkedin.com\\\/in\\\/auroramacia\"],\"url\":\"https:\\\/\\\/www.humanlevel.com\\\/en\\\/author\\\/aurora\"}]}<\/script>\n<!-- \/ Yoast SEO plugin. -->","yoast_head_json":{"title":"Interview with Fernando Maci\u00e1 at The Digital Change | Human Level","description":"After the presentation, Fernando Maci\u00e1 answers a series of questions about the latest developments in SEO and what characterizes a good SEO professional.","robots":{"index":"index","follow":"follow","max-snippet":"max-snippet:-1","max-image-preview":"max-image-preview:large","max-video-preview":"max-video-preview:-1"},"canonical":"https:\/\/www.humanlevel.com\/en\/blog\/news\/interview-with-fernando-macia-at-the-digital-change","og_locale":"en_US","og_type":"article","og_title":"Interview with Fernando Maci\u00e1 at The Digital Change | Human Level","og_description":"After the presentation, Fernando Maci\u00e1 answers a series of questions about the latest developments in SEO and what characterizes a good SEO professional.","og_url":"https:\/\/www.humanlevel.com\/en\/blog\/news\/interview-with-fernando-macia-at-the-digital-change","og_site_name":"Human Level","article_published_time":"2016-10-06T06:43:59+00:00","article_modified_time":"2023-10-16T09:53:00+00:00","og_image":[{"width":450,"height":450,"url":"https:\/\/www.humanlevel.com\/wp-content\/uploads\/entrevista-fernando-macia-the-digital-change-kschool.jpg","type":"image\/jpeg"}],"author":"Aurora Maci\u00e1","twitter_card":"summary_large_image","twitter_misc":{"Written by":"Aurora Maci\u00e1","Est. reading time":"1 minute"},"schema":{"@context":"https:\/\/schema.org","@graph":[{"@type":["Article","BlogPosting"],"@id":"https:\/\/www.humanlevel.com\/en\/blog\/news\/interview-with-fernando-macia-at-the-digital-change#article","isPartOf":{"@id":"https:\/\/www.humanlevel.com\/en\/blog\/news\/interview-with-fernando-macia-at-the-digital-change"},"author":{"name":"Aurora Maci\u00e1","@id":"https:\/\/www.humanlevel.com\/en#\/schema\/person\/13b23495b249ae2cf5aca5644630f9db"},"headline":"Interview with Fernando Maci\u00e1 at The Digital Change","datePublished":"2016-10-06T06:43:59+00:00","dateModified":"2023-10-16T09:53:00+00:00","mainEntityOfPage":{"@id":"https:\/\/www.humanlevel.com\/en\/blog\/news\/interview-with-fernando-macia-at-the-digital-change"},"wordCount":111,"commentCount":0,"publisher":{"@id":"https:\/\/www.humanlevel.com\/en#organization"},"image":{"@id":"https:\/\/www.humanlevel.com\/en\/blog\/news\/interview-with-fernando-macia-at-the-digital-change#primaryimage"},"thumbnailUrl":"https:\/\/www.humanlevel.com\/wp-content\/uploads\/entrevista-fernando-macia-the-digital-change-kschool.jpg","keywords":["Events","Fernando Maci\u00e1","Interviews"],"articleSection":["News"],"inLanguage":"en-US","potentialAction":[{"@type":"CommentAction","name":"Comment","target":["https:\/\/www.humanlevel.com\/en\/blog\/news\/interview-with-fernando-macia-at-the-digital-change#respond"]}]},{"@type":"WebPage","@id":"https:\/\/www.humanlevel.com\/en\/blog\/news\/interview-with-fernando-macia-at-the-digital-change","url":"https:\/\/www.humanlevel.com\/en\/blog\/news\/interview-with-fernando-macia-at-the-digital-change","name":"Interview with Fernando Maci\u00e1 at The Digital Change | Human Level","isPartOf":{"@id":"https:\/\/www.humanlevel.com\/en#website"},"primaryImageOfPage":{"@id":"https:\/\/www.humanlevel.com\/en\/blog\/news\/interview-with-fernando-macia-at-the-digital-change#primaryimage"},"image":{"@id":"https:\/\/www.humanlevel.com\/en\/blog\/news\/interview-with-fernando-macia-at-the-digital-change#primaryimage"},"thumbnailUrl":"https:\/\/www.humanlevel.com\/wp-content\/uploads\/entrevista-fernando-macia-the-digital-change-kschool.jpg","datePublished":"2016-10-06T06:43:59+00:00","dateModified":"2023-10-16T09:53:00+00:00","description":"After the presentation, Fernando Maci\u00e1 answers a series of questions about the latest developments in SEO and what characterizes a good SEO professional.","breadcrumb":{"@id":"https:\/\/www.humanlevel.com\/en\/blog\/news\/interview-with-fernando-macia-at-the-digital-change#breadcrumb"},"inLanguage":"en-US","potentialAction":[{"@type":"ReadAction","target":["https:\/\/www.humanlevel.com\/en\/blog\/news\/interview-with-fernando-macia-at-the-digital-change"]}]},{"@type":"ImageObject","inLanguage":"en-US","@id":"https:\/\/www.humanlevel.com\/en\/blog\/news\/interview-with-fernando-macia-at-the-digital-change#primaryimage","url":"https:\/\/www.humanlevel.com\/wp-content\/uploads\/entrevista-fernando-macia-the-digital-change-kschool.jpg","contentUrl":"https:\/\/www.humanlevel.com\/wp-content\/uploads\/entrevista-fernando-macia-the-digital-change-kschool.jpg","width":450,"height":450},{"@type":"BreadcrumbList","@id":"https:\/\/www.humanlevel.com\/en\/blog\/news\/interview-with-fernando-macia-at-the-digital-change#breadcrumb","itemListElement":[{"@type":"ListItem","position":1,"name":"Inicio","item":"https:\/\/www.humanlevel.com\/en"},{"@type":"ListItem","position":2,"name":"Blog","item":"https:\/\/www.humanlevel.com\/en\/blog"},{"@type":"ListItem","position":3,"name":"News","item":"https:\/\/www.humanlevel.com\/en\/blog\/news"},{"@type":"ListItem","position":4,"name":"Interview with Fernando Maci\u00e1 at The Digital Change"}]},{"@type":"WebSite","@id":"https:\/\/www.humanlevel.com\/en#website","url":"https:\/\/www.humanlevel.com\/en","name":"Human Level","description":"Web positioning and online marketing consultant Human Level","publisher":{"@id":"https:\/\/www.humanlevel.com\/en#organization"},"potentialAction":[{"@type":"SearchAction","target":{"@type":"EntryPoint","urlTemplate":"https:\/\/www.humanlevel.com\/en?s={search_term_string}"},"query-input":{"@type":"PropertyValueSpecification","valueRequired":true,"valueName":"search_term_string"}}],"inLanguage":"en-US"},{"@type":"Organization","@id":"https:\/\/www.humanlevel.com\/en#organization","name":"Human Level","url":"https:\/\/www.humanlevel.com\/en","logo":{"@type":"ImageObject","inLanguage":"en-US","@id":"https:\/\/www.humanlevel.com\/en#\/schema\/logo\/image\/","url":"https:\/\/www.humanlevel.com\/wp-content\/uploads\/logohl25x3.png","contentUrl":"https:\/\/www.humanlevel.com\/wp-content\/uploads\/logohl25x3.png","width":600,"height":93,"caption":"Human Level"},"image":{"@id":"https:\/\/www.humanlevel.com\/en#\/schema\/logo\/image\/"},"sameAs":["https:\/\/www.linkedin.com\/company\/human-level-communications","https:\/\/www.youtube.com\/user\/humanlevelcommunica","https:\/\/bsky.app\/profile\/humanlevel.bsky.social","https:\/\/instagram.com\/humanlevel"]},{"@type":"Person","@id":"https:\/\/www.humanlevel.com\/en#\/schema\/person\/13b23495b249ae2cf5aca5644630f9db","name":"Aurora Maci\u00e1","image":{"@type":"ImageObject","inLanguage":"en-US","@id":"https:\/\/www.humanlevel.com\/wp-content\/uploads\/1x1-aurora-macia-26-96x96.jpg","url":"https:\/\/www.humanlevel.com\/wp-content\/uploads\/1x1-aurora-macia-26-96x96.jpg","contentUrl":"https:\/\/www.humanlevel.com\/wp-content\/uploads\/1x1-aurora-macia-26-96x96.jpg","caption":"Aurora Maci\u00e1"},"description":"Comenz\u00f3 gestionando las redes sociales, el blog y el canal de Youtube de Human Level en 2019 y poco a poco fue extendiendo sus responsabilidades. Ahora, es la coordinadora del equipo de gesti\u00f3n interna y tambi\u00e9n gu\u00eda la comunicaci\u00f3n de la empresa a nivel de imagen, voz y estrategia de marca. Le gusta estar al d\u00eda de las tendencias del sector pero tambi\u00e9n sacar tiempo para leer an\u00e1lisis firmados por autores de otras industrias que nos ayudan a poner las cosas en perspectiva.","sameAs":["https:\/\/www.linkedin.com\/in\/auroramacia"],"url":"https:\/\/www.humanlevel.com\/en\/author\/aurora"}]}},"_links":{"self":[{"href":"https:\/\/www.humanlevel.com\/en\/wp-json\/wp\/v2\/posts\/52196","targetHints":{"allow":["GET"]}}],"collection":[{"href":"https:\/\/www.humanlevel.com\/en\/wp-json\/wp\/v2\/posts"}],"about":[{"href":"https:\/\/www.humanlevel.com\/en\/wp-json\/wp\/v2\/types\/post"}],"author":[{"embeddable":true,"href":"https:\/\/www.humanlevel.com\/en\/wp-json\/wp\/v2\/users\/36"}],"replies":[{"embeddable":true,"href":"https:\/\/www.humanlevel.com\/en\/wp-json\/wp\/v2\/comments?post=52196"}],"version-history":[{"count":2,"href":"https:\/\/www.humanlevel.com\/en\/wp-json\/wp\/v2\/posts\/52196\/revisions"}],"predecessor-version":[{"id":54894,"href":"https:\/\/www.humanlevel.com\/en\/wp-json\/wp\/v2\/posts\/52196\/revisions\/54894"}],"wp:featuredmedia":[{"embeddable":true,"href":"https:\/\/www.humanlevel.com\/en\/wp-json\/wp\/v2\/media\/46866"}],"wp:attachment":[{"href":"https:\/\/www.humanlevel.com\/en\/wp-json\/wp\/v2\/media?parent=52196"}],"wp:term":[{"taxonomy":"category","embeddable":true,"href":"https:\/\/www.humanlevel.com\/en\/wp-json\/wp\/v2\/categories?post=52196"},{"taxonomy":"post_tag","embeddable":true,"href":"https:\/\/www.humanlevel.com\/en\/wp-json\/wp\/v2\/tags?post=52196"}],"curies":[{"name":"wp","href":"https:\/\/api.w.org\/{rel}","templated":true}]}}