{"id":52133,"date":"2018-02-28T09:42:41","date_gmt":"2018-02-28T08:42:41","guid":{"rendered":"https:\/\/www.humanlevel.com\/sin-categorizar\/fernando-macia-en-la-iv-jornada-salesiana-de-comunicacion.html"},"modified":"2023-10-11T10:46:01","modified_gmt":"2023-10-11T08:46:01","slug":"fernando-macia-at-the-fourth-salesian-communication-conference","status":"publish","type":"post","link":"https:\/\/www.humanlevel.com\/en\/blog\/news\/fernando-macia-at-the-fourth-salesian-communication-conference","title":{"rendered":"Fernando Maci\u00e1 at the IV Salesian Communication Conference"},"content":{"rendered":"<p><img loading=\"lazy\" class=\"aligncenter size-full wp-image-36230\" src=\"https:\/\/www.humanlevel.com\/wp-content\/uploads\/fernando-macia-en-jornada-salesiana.jpg\" alt=\"Fernando Maci\u00e1 at the IV Salesian Communication Conference\" width=\"1000\" height=\"718\" srcset=\"https:\/\/www.humanlevel.com\/wp-content\/uploads\/fernando-macia-en-jornada-salesiana.jpg 1000w, https:\/\/www.humanlevel.com\/wp-content\/uploads\/fernando-macia-en-jornada-salesiana-400x287.jpg 400w, https:\/\/www.humanlevel.com\/wp-content\/uploads\/fernando-macia-en-jornada-salesiana-754x541.jpg 754w, https:\/\/www.humanlevel.com\/wp-content\/uploads\/fernando-macia-en-jornada-salesiana-900x646.jpg 900w\" sizes=\"auto, (max-width: 1000px) 100vw, 1000px\" \/><\/p>\n<p>Fernando Maci\u00e1, director and founder of Human Level, participated in the IV Salesian Day of Communication that took place on February 24 at the Provincial House in Madrid. Under the title &#8220;Let&#8217;s tell the news!&#8221;, the conference offered a unique opportunity for representatives of Salesian houses interested in communication to learn about the best strategies to apply in their respective centers, houses and entities. The event was attended by Javier Valiente, national delegate for Communication, who spoke about the importance of communication plans as organizational tools in his presentation &#8220;I want to communicate. I have a plan&#8221;. Later, Fernando Cueto, creative director, advertiser and blogger, introduced the audience to the world of storytelling, an essential strategy if you want to communicate effectively through any channel. In the afternoon, Fernando Maci\u00e1 made the audience understand the mechanisms of positioning content on the Internet through the Web, YouTube or social networks with his presentation &#8220;I position myself!<\/p>\n<p><img loading=\"lazy\" class=\"aligncenter size-full wp-image-36231\" src=\"https:\/\/www.humanlevel.com\/wp-content\/uploads\/jornadas-comunicacion-salesianos.jpg\" alt=\"IV Salesian Communication Day\" width=\"1240\" height=\"1753\" srcset=\"https:\/\/www.humanlevel.com\/wp-content\/uploads\/jornadas-comunicacion-salesianos.jpg 1240w, https:\/\/www.humanlevel.com\/wp-content\/uploads\/jornadas-comunicacion-salesianos-400x565.jpg 400w, https:\/\/www.humanlevel.com\/wp-content\/uploads\/jornadas-comunicacion-salesianos-754x1066.jpg 754w, https:\/\/www.humanlevel.com\/wp-content\/uploads\/jornadas-comunicacion-salesianos-900x1272.jpg 900w, https:\/\/www.humanlevel.com\/wp-content\/uploads\/jornadas-comunicacion-salesianos-1200x1696.jpg 1200w\" sizes=\"auto, (max-width: 1240px) 100vw, 1240px\" \/><\/p>\n<p><img loading=\"lazy\" class=\"aligncenter size-full wp-image-36232\" src=\"https:\/\/www.humanlevel.com\/wp-content\/uploads\/Salesianos_Posicionamiento_Fernando_Macia-scaled.jpg\" alt=\"Presentation Fernando Maci\u00e1 for IV Salesian Day of Communication\" width=\"4000\" height=\"2250\" srcset=\"https:\/\/www.humanlevel.com\/wp-content\/uploads\/Salesianos_Posicionamiento_Fernando_Macia-scaled.jpg 2560w, https:\/\/www.humanlevel.com\/wp-content\/uploads\/Salesianos_Posicionamiento_Fernando_Macia-400x225.jpg 400w, https:\/\/www.humanlevel.com\/wp-content\/uploads\/Salesianos_Posicionamiento_Fernando_Macia-754x424.jpg 754w, https:\/\/www.humanlevel.com\/wp-content\/uploads\/Salesianos_Posicionamiento_Fernando_Macia-900x506.jpg 900w, https:\/\/www.humanlevel.com\/wp-content\/uploads\/Salesianos_Posicionamiento_Fernando_Macia-1200x675.jpg 1200w\" sizes=\"auto, (max-width: 4000px) 100vw, 4000px\" \/><\/p>\n<p>References:<\/p>\n<p><a href=\"http:\/\/www.salesianos.edu\/noticias\/\" target=\"_blank\" rel=\"noopener noreferrer\">https:\/\/www.salesianos.edu\/Articulos\/10040\/1\/1\/-Vamos-a-contar-noticias-tema-de-la-IV-Jornada-Salesiana-de-Comunicaci-n<\/a><\/p>\n","protected":false},"excerpt":{"rendered":"<p>Fernando Maci\u00e1 participated in the IV Salesian Communication Day to explain to the representatives of the&#8230;<\/p>\n","protected":false},"author":36,"featured_media":47922,"comment_status":"open","ping_status":"closed","sticky":false,"template":"","format":"standard","meta":{"_acf_changed":false,"footnotes":""},"categories":[464],"tags":[352,509,507],"class_list":["post-52133","post","type-post","status-publish","format-standard","has-post-thumbnail","hentry","category-news","tag-events","tag-fernando-macia","tag-speaking"],"acf":[],"yoast_head":"<!-- This site is optimized with the Yoast SEO plugin v27.5 - https:\/\/yoast.com\/product\/yoast-seo-wordpress\/ -->\n<title>Fernando Maci\u00e1 at the IV Salesian Communication Conference | Human Level<\/title>\n<meta name=\"description\" content=\"Fernando Maci\u00e1 participated in the IV Salesian Communication Conference to talk about the mechanisms for positioning content on the Internet.\" \/>\n<meta name=\"robots\" content=\"index, follow, max-snippet:-1, max-image-preview:large, max-video-preview:-1\" \/>\n<link rel=\"canonical\" href=\"https:\/\/www.humanlevel.com\/en\/blog\/news\/fernando-macia-at-the-fourth-salesian-communication-conference\" \/>\n<meta property=\"og:locale\" content=\"en_US\" \/>\n<meta property=\"og:type\" content=\"article\" \/>\n<meta property=\"og:title\" content=\"Fernando Maci\u00e1 at the IV Salesian Communication Conference | Human Level\" \/>\n<meta property=\"og:description\" content=\"Fernando Maci\u00e1 participated in the IV Salesian Communication Conference to talk about the mechanisms for positioning content on the Internet.\" \/>\n<meta property=\"og:url\" content=\"https:\/\/www.humanlevel.com\/en\/blog\/news\/fernando-macia-at-the-fourth-salesian-communication-conference\" \/>\n<meta property=\"og:site_name\" content=\"Human Level\" \/>\n<meta property=\"article:published_time\" content=\"2018-02-28T08:42:41+00:00\" \/>\n<meta property=\"article:modified_time\" content=\"2023-10-11T08:46:01+00:00\" \/>\n<meta property=\"og:image\" content=\"https:\/\/www.humanlevel.com\/wp-content\/uploads\/fernando-macia-en-jornada-salesiana-1.jpg\" \/>\n\t<meta property=\"og:image:width\" content=\"708\" \/>\n\t<meta property=\"og:image:height\" content=\"708\" \/>\n\t<meta property=\"og:image:type\" content=\"image\/jpeg\" \/>\n<meta name=\"author\" content=\"Aurora Maci\u00e1\" \/>\n<meta name=\"twitter:card\" content=\"summary_large_image\" \/>\n<meta name=\"twitter:label1\" content=\"Written by\" \/>\n\t<meta name=\"twitter:data1\" content=\"Aurora Maci\u00e1\" \/>\n\t<meta name=\"twitter:label2\" content=\"Est. reading time\" \/>\n\t<meta name=\"twitter:data2\" content=\"2 minutes\" \/>\n<script type=\"application\/ld+json\" class=\"yoast-schema-graph\">{\"@context\":\"https:\\\/\\\/schema.org\",\"@graph\":[{\"@type\":[\"Article\",\"BlogPosting\"],\"@id\":\"https:\\\/\\\/www.humanlevel.com\\\/en\\\/blog\\\/news\\\/fernando-macia-at-the-fourth-salesian-communication-conference#article\",\"isPartOf\":{\"@id\":\"https:\\\/\\\/www.humanlevel.com\\\/en\\\/blog\\\/news\\\/fernando-macia-at-the-fourth-salesian-communication-conference\"},\"author\":{\"name\":\"Aurora Maci\u00e1\",\"@id\":\"https:\\\/\\\/www.humanlevel.com\\\/en#\\\/schema\\\/person\\\/13b23495b249ae2cf5aca5644630f9db\"},\"headline\":\"Fernando Maci\u00e1 at the IV Salesian Communication Conference\",\"datePublished\":\"2018-02-28T08:42:41+00:00\",\"dateModified\":\"2023-10-11T08:46:01+00:00\",\"mainEntityOfPage\":{\"@id\":\"https:\\\/\\\/www.humanlevel.com\\\/en\\\/blog\\\/news\\\/fernando-macia-at-the-fourth-salesian-communication-conference\"},\"wordCount\":170,\"commentCount\":0,\"publisher\":{\"@id\":\"https:\\\/\\\/www.humanlevel.com\\\/en#organization\"},\"image\":{\"@id\":\"https:\\\/\\\/www.humanlevel.com\\\/en\\\/blog\\\/news\\\/fernando-macia-at-the-fourth-salesian-communication-conference#primaryimage\"},\"thumbnailUrl\":\"https:\\\/\\\/www.humanlevel.com\\\/wp-content\\\/uploads\\\/fernando-macia-en-jornada-salesiana-1.jpg\",\"keywords\":[\"Events\",\"Fernando Maci\u00e1\",\"Speaking engagements\"],\"articleSection\":[\"News\"],\"inLanguage\":\"en-US\",\"potentialAction\":[{\"@type\":\"CommentAction\",\"name\":\"Comment\",\"target\":[\"https:\\\/\\\/www.humanlevel.com\\\/en\\\/blog\\\/news\\\/fernando-macia-at-the-fourth-salesian-communication-conference#respond\"]}]},{\"@type\":\"WebPage\",\"@id\":\"https:\\\/\\\/www.humanlevel.com\\\/en\\\/blog\\\/news\\\/fernando-macia-at-the-fourth-salesian-communication-conference\",\"url\":\"https:\\\/\\\/www.humanlevel.com\\\/en\\\/blog\\\/news\\\/fernando-macia-at-the-fourth-salesian-communication-conference\",\"name\":\"Fernando Maci\u00e1 at the IV Salesian Communication Conference | Human Level\",\"isPartOf\":{\"@id\":\"https:\\\/\\\/www.humanlevel.com\\\/en#website\"},\"primaryImageOfPage\":{\"@id\":\"https:\\\/\\\/www.humanlevel.com\\\/en\\\/blog\\\/news\\\/fernando-macia-at-the-fourth-salesian-communication-conference#primaryimage\"},\"image\":{\"@id\":\"https:\\\/\\\/www.humanlevel.com\\\/en\\\/blog\\\/news\\\/fernando-macia-at-the-fourth-salesian-communication-conference#primaryimage\"},\"thumbnailUrl\":\"https:\\\/\\\/www.humanlevel.com\\\/wp-content\\\/uploads\\\/fernando-macia-en-jornada-salesiana-1.jpg\",\"datePublished\":\"2018-02-28T08:42:41+00:00\",\"dateModified\":\"2023-10-11T08:46:01+00:00\",\"description\":\"Fernando Maci\u00e1 participated in the IV Salesian Communication Conference to talk about the mechanisms for positioning content on the Internet.\",\"breadcrumb\":{\"@id\":\"https:\\\/\\\/www.humanlevel.com\\\/en\\\/blog\\\/news\\\/fernando-macia-at-the-fourth-salesian-communication-conference#breadcrumb\"},\"inLanguage\":\"en-US\",\"potentialAction\":[{\"@type\":\"ReadAction\",\"target\":[\"https:\\\/\\\/www.humanlevel.com\\\/en\\\/blog\\\/news\\\/fernando-macia-at-the-fourth-salesian-communication-conference\"]}]},{\"@type\":\"ImageObject\",\"inLanguage\":\"en-US\",\"@id\":\"https:\\\/\\\/www.humanlevel.com\\\/en\\\/blog\\\/news\\\/fernando-macia-at-the-fourth-salesian-communication-conference#primaryimage\",\"url\":\"https:\\\/\\\/www.humanlevel.com\\\/wp-content\\\/uploads\\\/fernando-macia-en-jornada-salesiana-1.jpg\",\"contentUrl\":\"https:\\\/\\\/www.humanlevel.com\\\/wp-content\\\/uploads\\\/fernando-macia-en-jornada-salesiana-1.jpg\",\"width\":708,\"height\":708},{\"@type\":\"BreadcrumbList\",\"@id\":\"https:\\\/\\\/www.humanlevel.com\\\/en\\\/blog\\\/news\\\/fernando-macia-at-the-fourth-salesian-communication-conference#breadcrumb\",\"itemListElement\":[{\"@type\":\"ListItem\",\"position\":1,\"name\":\"Inicio\",\"item\":\"https:\\\/\\\/www.humanlevel.com\\\/en\"},{\"@type\":\"ListItem\",\"position\":2,\"name\":\"Blog\",\"item\":\"https:\\\/\\\/www.humanlevel.com\\\/en\\\/blog\"},{\"@type\":\"ListItem\",\"position\":3,\"name\":\"News\",\"item\":\"https:\\\/\\\/www.humanlevel.com\\\/en\\\/blog\\\/news\"},{\"@type\":\"ListItem\",\"position\":4,\"name\":\"Fernando Maci\u00e1 at the IV Salesian Communication Conference\"}]},{\"@type\":\"WebSite\",\"@id\":\"https:\\\/\\\/www.humanlevel.com\\\/en#website\",\"url\":\"https:\\\/\\\/www.humanlevel.com\\\/en\",\"name\":\"Human Level\",\"description\":\"Web positioning and online marketing consultant Human Level\",\"publisher\":{\"@id\":\"https:\\\/\\\/www.humanlevel.com\\\/en#organization\"},\"potentialAction\":[{\"@type\":\"SearchAction\",\"target\":{\"@type\":\"EntryPoint\",\"urlTemplate\":\"https:\\\/\\\/www.humanlevel.com\\\/en?s={search_term_string}\"},\"query-input\":{\"@type\":\"PropertyValueSpecification\",\"valueRequired\":true,\"valueName\":\"search_term_string\"}}],\"inLanguage\":\"en-US\"},{\"@type\":\"Organization\",\"@id\":\"https:\\\/\\\/www.humanlevel.com\\\/en#organization\",\"name\":\"Human Level\",\"url\":\"https:\\\/\\\/www.humanlevel.com\\\/en\",\"logo\":{\"@type\":\"ImageObject\",\"inLanguage\":\"en-US\",\"@id\":\"https:\\\/\\\/www.humanlevel.com\\\/en#\\\/schema\\\/logo\\\/image\\\/\",\"url\":\"https:\\\/\\\/www.humanlevel.com\\\/wp-content\\\/uploads\\\/logohl25x3.png\",\"contentUrl\":\"https:\\\/\\\/www.humanlevel.com\\\/wp-content\\\/uploads\\\/logohl25x3.png\",\"width\":600,\"height\":93,\"caption\":\"Human Level\"},\"image\":{\"@id\":\"https:\\\/\\\/www.humanlevel.com\\\/en#\\\/schema\\\/logo\\\/image\\\/\"},\"sameAs\":[\"https:\\\/\\\/www.linkedin.com\\\/company\\\/human-level-communications\",\"https:\\\/\\\/www.youtube.com\\\/user\\\/humanlevelcommunica\",\"https:\\\/\\\/bsky.app\\\/profile\\\/humanlevel.bsky.social\",\"https:\\\/\\\/instagram.com\\\/humanlevel\"]},{\"@type\":\"Person\",\"@id\":\"https:\\\/\\\/www.humanlevel.com\\\/en#\\\/schema\\\/person\\\/13b23495b249ae2cf5aca5644630f9db\",\"name\":\"Aurora Maci\u00e1\",\"image\":{\"@type\":\"ImageObject\",\"inLanguage\":\"en-US\",\"@id\":\"https:\\\/\\\/www.humanlevel.com\\\/wp-content\\\/uploads\\\/1x1-aurora-macia-26-96x96.jpg\",\"url\":\"https:\\\/\\\/www.humanlevel.com\\\/wp-content\\\/uploads\\\/1x1-aurora-macia-26-96x96.jpg\",\"contentUrl\":\"https:\\\/\\\/www.humanlevel.com\\\/wp-content\\\/uploads\\\/1x1-aurora-macia-26-96x96.jpg\",\"caption\":\"Aurora Maci\u00e1\"},\"description\":\"Comenz\u00f3 gestionando las redes sociales, el blog y el canal de Youtube de Human Level en 2019 y poco a poco fue extendiendo sus responsabilidades. Ahora, es la coordinadora del equipo de gesti\u00f3n interna y tambi\u00e9n gu\u00eda la comunicaci\u00f3n de la empresa a nivel de imagen, voz y estrategia de marca. Le gusta estar al d\u00eda de las tendencias del sector pero tambi\u00e9n sacar tiempo para leer an\u00e1lisis firmados por autores de otras industrias que nos ayudan a poner las cosas en perspectiva.\",\"sameAs\":[\"https:\\\/\\\/www.linkedin.com\\\/in\\\/auroramacia\"],\"url\":\"https:\\\/\\\/www.humanlevel.com\\\/en\\\/author\\\/aurora\"}]}<\/script>\n<!-- \/ Yoast SEO plugin. -->","yoast_head_json":{"title":"Fernando Maci\u00e1 at the IV Salesian Communication Conference | Human Level","description":"Fernando Maci\u00e1 participated in the IV Salesian Communication Conference to talk about the mechanisms for positioning content on the Internet.","robots":{"index":"index","follow":"follow","max-snippet":"max-snippet:-1","max-image-preview":"max-image-preview:large","max-video-preview":"max-video-preview:-1"},"canonical":"https:\/\/www.humanlevel.com\/en\/blog\/news\/fernando-macia-at-the-fourth-salesian-communication-conference","og_locale":"en_US","og_type":"article","og_title":"Fernando Maci\u00e1 at the IV Salesian Communication Conference | Human Level","og_description":"Fernando Maci\u00e1 participated in the IV Salesian Communication Conference to talk about the mechanisms for positioning content on the Internet.","og_url":"https:\/\/www.humanlevel.com\/en\/blog\/news\/fernando-macia-at-the-fourth-salesian-communication-conference","og_site_name":"Human Level","article_published_time":"2018-02-28T08:42:41+00:00","article_modified_time":"2023-10-11T08:46:01+00:00","og_image":[{"width":708,"height":708,"url":"https:\/\/www.humanlevel.com\/wp-content\/uploads\/fernando-macia-en-jornada-salesiana-1.jpg","type":"image\/jpeg"}],"author":"Aurora Maci\u00e1","twitter_card":"summary_large_image","twitter_misc":{"Written by":"Aurora Maci\u00e1","Est. reading time":"2 minutes"},"schema":{"@context":"https:\/\/schema.org","@graph":[{"@type":["Article","BlogPosting"],"@id":"https:\/\/www.humanlevel.com\/en\/blog\/news\/fernando-macia-at-the-fourth-salesian-communication-conference#article","isPartOf":{"@id":"https:\/\/www.humanlevel.com\/en\/blog\/news\/fernando-macia-at-the-fourth-salesian-communication-conference"},"author":{"name":"Aurora Maci\u00e1","@id":"https:\/\/www.humanlevel.com\/en#\/schema\/person\/13b23495b249ae2cf5aca5644630f9db"},"headline":"Fernando Maci\u00e1 at the IV Salesian Communication Conference","datePublished":"2018-02-28T08:42:41+00:00","dateModified":"2023-10-11T08:46:01+00:00","mainEntityOfPage":{"@id":"https:\/\/www.humanlevel.com\/en\/blog\/news\/fernando-macia-at-the-fourth-salesian-communication-conference"},"wordCount":170,"commentCount":0,"publisher":{"@id":"https:\/\/www.humanlevel.com\/en#organization"},"image":{"@id":"https:\/\/www.humanlevel.com\/en\/blog\/news\/fernando-macia-at-the-fourth-salesian-communication-conference#primaryimage"},"thumbnailUrl":"https:\/\/www.humanlevel.com\/wp-content\/uploads\/fernando-macia-en-jornada-salesiana-1.jpg","keywords":["Events","Fernando Maci\u00e1","Speaking engagements"],"articleSection":["News"],"inLanguage":"en-US","potentialAction":[{"@type":"CommentAction","name":"Comment","target":["https:\/\/www.humanlevel.com\/en\/blog\/news\/fernando-macia-at-the-fourth-salesian-communication-conference#respond"]}]},{"@type":"WebPage","@id":"https:\/\/www.humanlevel.com\/en\/blog\/news\/fernando-macia-at-the-fourth-salesian-communication-conference","url":"https:\/\/www.humanlevel.com\/en\/blog\/news\/fernando-macia-at-the-fourth-salesian-communication-conference","name":"Fernando Maci\u00e1 at the IV Salesian Communication Conference | Human Level","isPartOf":{"@id":"https:\/\/www.humanlevel.com\/en#website"},"primaryImageOfPage":{"@id":"https:\/\/www.humanlevel.com\/en\/blog\/news\/fernando-macia-at-the-fourth-salesian-communication-conference#primaryimage"},"image":{"@id":"https:\/\/www.humanlevel.com\/en\/blog\/news\/fernando-macia-at-the-fourth-salesian-communication-conference#primaryimage"},"thumbnailUrl":"https:\/\/www.humanlevel.com\/wp-content\/uploads\/fernando-macia-en-jornada-salesiana-1.jpg","datePublished":"2018-02-28T08:42:41+00:00","dateModified":"2023-10-11T08:46:01+00:00","description":"Fernando Maci\u00e1 participated in the IV Salesian Communication Conference to talk about the mechanisms for positioning content on the Internet.","breadcrumb":{"@id":"https:\/\/www.humanlevel.com\/en\/blog\/news\/fernando-macia-at-the-fourth-salesian-communication-conference#breadcrumb"},"inLanguage":"en-US","potentialAction":[{"@type":"ReadAction","target":["https:\/\/www.humanlevel.com\/en\/blog\/news\/fernando-macia-at-the-fourth-salesian-communication-conference"]}]},{"@type":"ImageObject","inLanguage":"en-US","@id":"https:\/\/www.humanlevel.com\/en\/blog\/news\/fernando-macia-at-the-fourth-salesian-communication-conference#primaryimage","url":"https:\/\/www.humanlevel.com\/wp-content\/uploads\/fernando-macia-en-jornada-salesiana-1.jpg","contentUrl":"https:\/\/www.humanlevel.com\/wp-content\/uploads\/fernando-macia-en-jornada-salesiana-1.jpg","width":708,"height":708},{"@type":"BreadcrumbList","@id":"https:\/\/www.humanlevel.com\/en\/blog\/news\/fernando-macia-at-the-fourth-salesian-communication-conference#breadcrumb","itemListElement":[{"@type":"ListItem","position":1,"name":"Inicio","item":"https:\/\/www.humanlevel.com\/en"},{"@type":"ListItem","position":2,"name":"Blog","item":"https:\/\/www.humanlevel.com\/en\/blog"},{"@type":"ListItem","position":3,"name":"News","item":"https:\/\/www.humanlevel.com\/en\/blog\/news"},{"@type":"ListItem","position":4,"name":"Fernando Maci\u00e1 at the IV Salesian Communication Conference"}]},{"@type":"WebSite","@id":"https:\/\/www.humanlevel.com\/en#website","url":"https:\/\/www.humanlevel.com\/en","name":"Human Level","description":"Web positioning and online marketing consultant Human Level","publisher":{"@id":"https:\/\/www.humanlevel.com\/en#organization"},"potentialAction":[{"@type":"SearchAction","target":{"@type":"EntryPoint","urlTemplate":"https:\/\/www.humanlevel.com\/en?s={search_term_string}"},"query-input":{"@type":"PropertyValueSpecification","valueRequired":true,"valueName":"search_term_string"}}],"inLanguage":"en-US"},{"@type":"Organization","@id":"https:\/\/www.humanlevel.com\/en#organization","name":"Human Level","url":"https:\/\/www.humanlevel.com\/en","logo":{"@type":"ImageObject","inLanguage":"en-US","@id":"https:\/\/www.humanlevel.com\/en#\/schema\/logo\/image\/","url":"https:\/\/www.humanlevel.com\/wp-content\/uploads\/logohl25x3.png","contentUrl":"https:\/\/www.humanlevel.com\/wp-content\/uploads\/logohl25x3.png","width":600,"height":93,"caption":"Human Level"},"image":{"@id":"https:\/\/www.humanlevel.com\/en#\/schema\/logo\/image\/"},"sameAs":["https:\/\/www.linkedin.com\/company\/human-level-communications","https:\/\/www.youtube.com\/user\/humanlevelcommunica","https:\/\/bsky.app\/profile\/humanlevel.bsky.social","https:\/\/instagram.com\/humanlevel"]},{"@type":"Person","@id":"https:\/\/www.humanlevel.com\/en#\/schema\/person\/13b23495b249ae2cf5aca5644630f9db","name":"Aurora Maci\u00e1","image":{"@type":"ImageObject","inLanguage":"en-US","@id":"https:\/\/www.humanlevel.com\/wp-content\/uploads\/1x1-aurora-macia-26-96x96.jpg","url":"https:\/\/www.humanlevel.com\/wp-content\/uploads\/1x1-aurora-macia-26-96x96.jpg","contentUrl":"https:\/\/www.humanlevel.com\/wp-content\/uploads\/1x1-aurora-macia-26-96x96.jpg","caption":"Aurora Maci\u00e1"},"description":"Comenz\u00f3 gestionando las redes sociales, el blog y el canal de Youtube de Human Level en 2019 y poco a poco fue extendiendo sus responsabilidades. Ahora, es la coordinadora del equipo de gesti\u00f3n interna y tambi\u00e9n gu\u00eda la comunicaci\u00f3n de la empresa a nivel de imagen, voz y estrategia de marca. Le gusta estar al d\u00eda de las tendencias del sector pero tambi\u00e9n sacar tiempo para leer an\u00e1lisis firmados por autores de otras industrias que nos ayudan a poner las cosas en perspectiva.","sameAs":["https:\/\/www.linkedin.com\/in\/auroramacia"],"url":"https:\/\/www.humanlevel.com\/en\/author\/aurora"}]}},"_links":{"self":[{"href":"https:\/\/www.humanlevel.com\/en\/wp-json\/wp\/v2\/posts\/52133","targetHints":{"allow":["GET"]}}],"collection":[{"href":"https:\/\/www.humanlevel.com\/en\/wp-json\/wp\/v2\/posts"}],"about":[{"href":"https:\/\/www.humanlevel.com\/en\/wp-json\/wp\/v2\/types\/post"}],"author":[{"embeddable":true,"href":"https:\/\/www.humanlevel.com\/en\/wp-json\/wp\/v2\/users\/36"}],"replies":[{"embeddable":true,"href":"https:\/\/www.humanlevel.com\/en\/wp-json\/wp\/v2\/comments?post=52133"}],"version-history":[{"count":3,"href":"https:\/\/www.humanlevel.com\/en\/wp-json\/wp\/v2\/posts\/52133\/revisions"}],"predecessor-version":[{"id":54838,"href":"https:\/\/www.humanlevel.com\/en\/wp-json\/wp\/v2\/posts\/52133\/revisions\/54838"}],"wp:featuredmedia":[{"embeddable":true,"href":"https:\/\/www.humanlevel.com\/en\/wp-json\/wp\/v2\/media\/47922"}],"wp:attachment":[{"href":"https:\/\/www.humanlevel.com\/en\/wp-json\/wp\/v2\/media?parent=52133"}],"wp:term":[{"taxonomy":"category","embeddable":true,"href":"https:\/\/www.humanlevel.com\/en\/wp-json\/wp\/v2\/categories?post=52133"},{"taxonomy":"post_tag","embeddable":true,"href":"https:\/\/www.humanlevel.com\/en\/wp-json\/wp\/v2\/tags?post=52133"}],"curies":[{"name":"wp","href":"https:\/\/api.w.org\/{rel}","templated":true}]}}